{"id":415,"date":"2025-02-03T14:26:26","date_gmt":"2025-02-03T13:26:26","guid":{"rendered":"https:\/\/solot.cz\/?p=415"},"modified":"2026-01-06T14:16:45","modified_gmt":"2026-01-06T13:16:45","slug":"zapis-z-jednani-se-zamestnavatelem-z-23-1-2025","status":"publish","type":"post","link":"https:\/\/solot.cz\/index.php\/2025\/02\/03\/zapis-z-jednani-se-zamestnavatelem-z-23-1-2025\/","title":{"rendered":"Z\u00e1pis z\u00a0jedn\u00e1n\u00ed se zam\u011bstnavatelem     z\u00a023.1.2025"},"content":{"rendered":"\n<p>23.1.2025 prob\u011bhlo dal\u0161\u00ed jedn\u00e1n\u00ed se zam\u011bstnavatelem. \u0158e\u0161ily se cestovn\u00ed n\u00e1hrady a organiza\u010dn\u00ed zm\u011bny pro rok 2025.<\/p>\n\n\n\n<p><strong>Cestovn\u00ed n\u00e1hrady.<\/strong><\/p>\n\n\n\n<p>Ji\u017e v&nbsp;minul\u00e9m roce jsme na podn\u011bt zam\u011bstnanc\u016f za\u010dali \u0159e\u0161it cestovn\u00ed n\u00e1hrady dle ZP a Sm\u011brnice o poskytov\u00e1n\u00ed cestovn\u00edch n\u00e1hrad. Nyn\u00ed jsme se zam\u011bstnavatelem dosp\u011bli ke shod\u011b.<\/p>\n\n\n\n<p>Cestovn\u00ed n\u00e1hrady n\u00e1le\u017e\u00ed ka\u017ed\u00e9mu zam\u011bstnanci, kter\u00fd odpracuje sm\u011bnu mimo rozvrh sm\u011bn (nap\u0159. u nerovnom\u011brn\u011b rozvr\u017een\u00e9 pracovn\u00ed doby je to pl\u00e1n na vyrovn\u00e1vac\u00ed obdob\u00ed) tzv. mimo\u0159\u00e1dnou sm\u011bnu. P\u0159i takov\u00e9to sm\u011bn\u011b m\u00e1 zam\u011bstnanec n\u00e1rok na j\u00edzdn\u00e9 a stravn\u00e9. Na ka\u017edou takovou sm\u011bnu si zam\u011bstnanec mus\u00ed vyplnit cestovn\u00ed p\u0159\u00edkaz a dolo\u017eit ho k&nbsp;v\u00fdkazu pr\u00e1ce za dan\u00fd m\u011bs\u00edc.<\/p>\n\n\n\n<p style=\"text-decoration:underline\">J\u00edzdn\u00e9:<\/p>\n\n\n\n<p>&nbsp;Dopravn\u00ed prost\u0159edek ur\u010duje zam\u011bstnavatel. Ten n\u00e1m ur\u010dil jako dopravn\u00ed prost\u0159edek hromadnou dopravu. Cenu j\u00edzdn\u00e9ho je t\u0159eba dolo\u017eit j\u00edzdenkou. P\u0159i ztr\u00e1t\u011b j\u00edzdenky lze pou\u017e\u00edt \u010destn\u00e9 prohl\u00e1\u0161en\u00ed o ztr\u00e1t\u011b j\u00edzdenky spolu s v\u00fdpisem IREDO. Pokud pojedete autem, na kole nebo p\u011b\u0161ky, m\u00e1te n\u00e1rok pouze na stravn\u00e9. Jin\u00fd typ dopravy lze \u0159e\u0161it ve v\u00e1\u017en\u00fdch p\u0159\u00edpadech individu\u00e1ln\u011b se zam\u011bstnavatelem (nap\u0159. &nbsp;v&nbsp;p\u0159\u00edpad\u011b chyb\u011bj\u00edc\u00edho dopravn\u00edho spojen\u00ed).<\/p>\n\n\n\n<p style=\"text-decoration:underline\">Stravn\u00e9:<\/p>\n\n\n\n<p>V\u00fd\u0161e stravn\u00e9ho se odv\u00edj\u00ed od d\u00e9lky pracovn\u00ed cesty. Ta se po\u010d\u00edt\u00e1 od doby odchodu z&nbsp;domu a\u017e po n\u00e1vrat dom\u016f a za ka\u017ed\u00fd kalend\u00e1\u0159n\u00ed den zvl\u00e1\u0161\u0165 (no\u010dn\u00ed sm\u011bna = dvoje stravn\u00e9).<\/p>\n\n\n\n<p>&nbsp;<strong>Upozorn\u011bn\u00ed: <\/strong>P\u0159i mimo\u0159\u00e1dn\u00e9 sm\u011bn\u011b zam\u011bstnanci nemaj\u00ed n\u00e1rok na \u010derp\u00e1n\u00ed stravy s dotac\u00ed FKSP a zam\u011bstnavatele. Stravu budou m\u00edt za plnou cenu.<\/p>\n\n\n\n<p><\/p>\n\n\n\n<p><strong>Organiza\u010dn\u00ed z\u00e1le\u017eitosti<\/strong><\/p>\n\n\n\n<p>1) <strong>Person\u00e1ln\u00ed audit: <\/strong>Prob\u00edh\u00e1 kontrola pracovn\u00edch n\u00e1pln\u00ed a za\u0159azen\u00ed zam\u011bstnanc\u016f do platov\u00fdch t\u0159\u00edd v souladu s katalogem prac\u00ed.<\/p>\n\n\n\n<p>2) <strong>Praxe: <\/strong>Nov\u011b se zapo\u010d\u00edt\u00e1v\u00e1 do praxe doba \u010derp\u00e1n\u00ed mate\u0159sk\u00e9 a rodi\u010dovsk\u00e9 dovolen\u00e9 v pln\u00e9 v\u00fd\u0161i. Doch\u00e1z\u00ed k individu\u00e1ln\u00edmu p\u0159epo\u010dtu uznan\u00e9 praxe, co\u017e m\u016f\u017ee v\u00e9st k d\u0159\u00edv\u011bj\u0161\u00edmu postupu do vy\u0161\u0161\u00edho platov\u00e9ho stupn\u011b, zam\u011bstnanci mus\u00ed dolo\u017eit na PAM. Postupuje se podle na\u0159\u00edzen\u00ed vl\u00e1dy 341\/2017 Sb., v platn\u00e9m zn\u011bn\u00ed.<\/p>\n\n\n\n<p>3) <strong>Ozdravovny: <\/strong>Existence ozdravoven je st\u00e1le nejist\u00e1. \u0158editelka bude o situaci pr\u016fb\u011b\u017en\u011b informovat.<\/p>\n\n\n\n<p>4) <strong>Person\u00e1ln\u00ed obsazen\u00ed: <\/strong>V R\u00da chyb\u00ed l\u00e9ka\u0159 a fyzioterapeut, co\u017e za\u010d\u00edn\u00e1 b\u00fdt provozn\u00ed probl\u00e9m.<\/p>\n\n\n\n<p>5) <strong>Osobn\u00ed ohodnocen\u00ed: <\/strong>Nav\u00fd\u0161en\u00ed osobn\u00edho ohodnocen\u00ed o 5 % od 1. 1. 2024 pro R\u00da, LZV, kter\u00e9 bylo \u010d\u00e1ste\u010dn\u011b pokryto z VZP na zaji\u0161t\u011bn\u00ed nep\u0159etr\u017eit\u00fdch slu\u017eeb vykazovan\u00e9 na platov\u00e9m v\u00fdm\u011bru zvl\u00e1\u0161\u0165, bude od 1. 1. 2025 slou\u010deno do jednoho osobn\u00edho ohodnocen\u00ed.<\/p>\n\n\n\n<p>6) <strong>Zaru\u010den\u00e1 mzda\/platy: <\/strong>Term\u00edn \u201ezaru\u010den\u00e1 mzda\u201c v soukrom\u00e9m sektoru byl zru\u0161en. Nov\u011b se jedn\u00e1 o \u201ezaru\u010den\u00fd plat\u201c ve ve\u0159ejn\u00e9m sektoru. Zam\u011bstnavatel je povinen kontrolovat v\u00fd\u0161i plat\u016f dle tabulek a v p\u0159\u00edpad\u011b pot\u0159eby dorovnat zaru\u010den\u00fd plat.<\/p>\n\n\n\n<p>7) <strong>Osnovy \u0161kolen\u00ed BOZP a PO: <\/strong>V p\u0159\u00edloze zas\u00edl\u00e1 zam\u011bstnavatel osnovy \u0161kolen\u00ed BOZP a PO \u2013 vstupn\u00ed, periodick\u00e9 a vedouc\u00ed zam\u011bstnanci.<\/p>\n\n\n\n<p>(viz<em>. Z\u00e1pis z jedn\u00e1n\u00ed s odborov\u00fdmi organizacemi, konan\u00e9ho dne 23.01.2025 13:20 \u201314:10 v s\u00eddle zam\u011bstnavatele \u2013 SOL okresu Trutnov, Proch\u00e1zkova 818, Trutnov, 54101)<\/em><\/p>\n\n\n\n<p>A.<\/p>\n","protected":false},"excerpt":{"rendered":"<p>23.1.2025 prob\u011bhlo dal\u0161\u00ed jedn\u00e1n\u00ed se zam\u011bstnavatelem. \u0158e\u0161ily se cestovn\u00ed n\u00e1hrady a organiza\u010dn\u00ed zm\u011bny pro rok 2025. Cestovn\u00ed n\u00e1hrady. Ji\u017e v&nbsp;minul\u00e9m roce jsme na podn\u011bt zam\u011bstnanc\u016f za\u010dali \u0159e\u0161it cestovn\u00ed n\u00e1hrady dle ZP a Sm\u011brnice o poskytov\u00e1n\u00ed cestovn\u00edch n\u00e1hrad. Nyn\u00ed jsme se zam\u011bstnavatelem dosp\u011bli ke shod\u011b. Cestovn\u00ed n\u00e1hrady n\u00e1le\u017e\u00ed ka\u017ed\u00e9mu zam\u011bstnanci, kter\u00fd odpracuje sm\u011bnu mimo rozvrh sm\u011bn&hellip;&nbsp;<a href=\"https:\/\/solot.cz\/index.php\/2025\/02\/03\/zapis-z-jednani-se-zamestnavatelem-z-23-1-2025\/\" rel=\"bookmark\">\u010c\u00edst d\u00e1le &raquo;<span class=\"screen-reader-text\">Z\u00e1pis z\u00a0jedn\u00e1n\u00ed se zam\u011bstnavatelem     z\u00a023.1.2025<\/span><\/a><\/p>\n","protected":false},"author":4,"featured_media":0,"comment_status":"closed","ping_status":"open","sticky":false,"template":"","format":"standard","meta":{"neve_meta_sidebar":"","neve_meta_container":"","neve_meta_enable_content_width":"","neve_meta_content_width":0,"neve_meta_title_alignment":"","neve_meta_author_avatar":"","neve_post_elements_order":"","neve_meta_disable_header":"","neve_meta_disable_footer":"","neve_meta_disable_title":"","_themeisle_gutenberg_block_has_review":false,"footnotes":""},"categories":[7],"tags":[],"class_list":["post-415","post","type-post","status-publish","format-standard","hentry","category-jednani"],"_links":{"self":[{"href":"https:\/\/solot.cz\/index.php\/wp-json\/wp\/v2\/posts\/415","targetHints":{"allow":["GET"]}}],"collection":[{"href":"https:\/\/solot.cz\/index.php\/wp-json\/wp\/v2\/posts"}],"about":[{"href":"https:\/\/solot.cz\/index.php\/wp-json\/wp\/v2\/types\/post"}],"author":[{"embeddable":true,"href":"https:\/\/solot.cz\/index.php\/wp-json\/wp\/v2\/users\/4"}],"replies":[{"embeddable":true,"href":"https:\/\/solot.cz\/index.php\/wp-json\/wp\/v2\/comments?post=415"}],"version-history":[{"count":1,"href":"https:\/\/solot.cz\/index.php\/wp-json\/wp\/v2\/posts\/415\/revisions"}],"predecessor-version":[{"id":416,"href":"https:\/\/solot.cz\/index.php\/wp-json\/wp\/v2\/posts\/415\/revisions\/416"}],"wp:attachment":[{"href":"https:\/\/solot.cz\/index.php\/wp-json\/wp\/v2\/media?parent=415"}],"wp:term":[{"taxonomy":"category","embeddable":true,"href":"https:\/\/solot.cz\/index.php\/wp-json\/wp\/v2\/categories?post=415"},{"taxonomy":"post_tag","embeddable":true,"href":"https:\/\/solot.cz\/index.php\/wp-json\/wp\/v2\/tags?post=415"}],"curies":[{"name":"wp","href":"https:\/\/api.w.org\/{rel}","templated":true}]}}