{"id":308,"date":"2023-05-06T16:14:50","date_gmt":"2023-05-06T14:14:50","guid":{"rendered":"https:\/\/solot.cz\/?p=308"},"modified":"2023-05-06T16:14:52","modified_gmt":"2023-05-06T14:14:52","slug":"vysledky-jednani-se-zamestnavatelem-26-4-2023","status":"publish","type":"post","link":"https:\/\/solot.cz\/index.php\/2023\/05\/06\/vysledky-jednani-se-zamestnavatelem-26-4-2023\/","title":{"rendered":"V\u00fdsledky jedn\u00e1n\u00ed se zam\u011bstnavatelem   26.4.2023"},"content":{"rendered":"\n<p><\/p>\n\n\n\n<p class=\"has-text-align-left\">Na za\u010d\u00e1tku jedn\u00e1n\u00ed n\u00e1s pan\u00ed \u0159editelka kr\u00e1tce sezn\u00e1mila s\u00a0v\u00fdsledky hospoda\u0159en\u00ed za posledn\u00ed m\u011bs\u00edce. Zm\u00ednila se tak\u00e9 o pl\u00e1novan\u00fdch odm\u011bn\u00e1ch pro zam\u011bstnance. V\u0161ichni zam\u011bstnanci by m\u011bli dostat odm\u011bny ve v\u00fdplat\u011b za \u010derven nebo \u010dervenec.<\/p>\n\n\n\n<p>Se zam\u011bstnavatelem jsme projednali v\u0161echny body, o jejich\u017e \u0159e\u0161en\u00ed jsme p\u0159edem po\u017e\u00e1dali a p\u0159ednesli jsme dal\u0161\u00ed dva dotazy zam\u011bstnanc\u016f.<\/p>\n\n\n\n<ol class=\"wp-block-list\" type=\"1\">\n<li><strong>Vypl\u0148ov\u00e1n\u00ed dovolenek.<\/strong><\/li>\n<\/ol>\n\n\n\n<p>Podle \u00a7 217 ZP.<\/p>\n\n\n\n<p><em>Ur\u010denou dobu \u010derp\u00e1n\u00ed dovolen\u00e9 je zam\u011bstnavatel povinen p\u00edsemn\u011b ozn\u00e1mit zam\u011bstnanci alespo\u0148 14 dn\u00ed p\u0159edem, pokud se nedohodne se zam\u011bstnancem na krat\u0161\u00ed dob\u011b.<\/em><\/p>\n\n\n\n<p>Dle domluvy se zam\u011bstnavatelem bude vypisov\u00e1n\u00ed dovolenek prob\u00edhat v&nbsp;souladu se Z\u00e1kon\u00edkem pr\u00e1ce. Zam\u011bstnanec si s&nbsp;p\u0159edstihem dovolenku vypln\u00ed a p\u0159edlo\u017e\u00ed ke schv\u00e1len\u00ed p\u0159\u00edm\u00e9mu nad\u0159\u00edzen\u00e9mu (nap\u0159. stani\u010dn\u00ed sestra).<\/p>\n\n\n\n<p>2. <strong>Volno za sv\u00e1tek.<\/strong><\/p>\n\n\n\n<p>Podle \u00a7 135 ZP.<\/p>\n\n\n\n<p><em>odst. 2<\/em> &#8211; <em>Za pr\u00e1ci ve sv\u00e1tek poskytne zam\u011bstnavatel zam\u011bstnanci n\u00e1hradn\u00ed volno v&nbsp;rozsahu pr\u00e1ce konan\u00e9 ve sv\u00e1tek, a to nejpozd\u011bji do konce t\u0159et\u00edho kalend\u00e1\u0159n\u00edho m\u011bs\u00edce n\u00e1sleduj\u00edc\u00edho po v\u00fdkonu pr\u00e1ce ve sv\u00e1tek nebo jinak dohodnut\u00e9 dob\u011b. Za dobu \u010derp\u00e1n\u00ed n\u00e1hradn\u00edho volna se plat nekr\u00e1t\u00ed.<\/em><\/p>\n\n\n\n<p><em>odst. 3 \u2013 Zam\u011bstnavatel se m\u016f\u017ee se zam\u011bstnancem dohodnout na poskytnut\u00ed p\u0159\u00edplatku ve v\u00fd\u0161i pr\u016fm\u011brn\u00e9ho v\u00fdd\u011blku za hodinu pr\u00e1ce ve sv\u00e1tek m\u00edsto n\u00e1hradn\u00edho volna.<\/em><\/p>\n\n\n\n<p>Na spodn\u00ed \u010d\u00e1sti v\u00fdkazu pr\u00e1ce jsou nov\u011b dv\u011b kolonky: chci volno za sv\u00e1tek \u2013 chci p\u0159\u00edplatek za sv\u00e1tek. Sta\u010d\u00ed za\u0161krtnout tu kolonku, kter\u00e1 V\u00e1m vyhovuje. Volno za odpracovan\u00fd sv\u00e1tek si zam\u011bstnanec mus\u00ed vybrat nejpozd\u011bji do konce t\u0159et\u00edho m\u011bs\u00edce n\u00e1sleduj\u00edc\u00edho po v\u00fdkonu pr\u00e1ce ve sv\u00e1tek nebo jinak dohodnut\u00e9 dob\u011b.<\/p>\n\n\n\n<p>3. <strong>P\u0159ed\u00e1v\u00e1n\u00ed slu\u017eby sester<\/strong><\/p>\n\n\n\n<p>Podle \u00a7 78 ZP.<\/p>\n\n\n\n<p><em>odst.1 a \u2013 pracovn\u00ed dobou se rozum\u00ed doba, v&nbsp;n\u00ed\u017e je zam\u011bstnanec povinen vykon\u00e1vat pro zam\u011bstnavatele pr\u00e1ci, a doba, v&nbsp;n\u00ed\u017e je zam\u011bstnanec na pracovi\u0161ti p\u0159ipraven k&nbsp;v\u00fdkonu pr\u00e1ce podle pokyn\u016f zam\u011bstnavatele.<\/em><\/p>\n\n\n\n<p>Pan\u00ed \u0159editelka tuto problematiku projednala se v\u0161emi \u0159editeli za\u0159\u00edzen\u00ed SOL Trutnov a spole\u010dn\u011b do\u0161li k&nbsp;z\u00e1v\u011bru, \u017ee nen\u00ed nutn\u00e9 \u00fastn\u00ed p\u0159ed\u00e1v\u00e1n\u00ed slu\u017eby nad r\u00e1mec pracovn\u00ed doby.<\/p>\n\n\n\n<p>Dostali jsme na v\u00fdb\u011br ze t\u0159\u00ed mo\u017en\u00fdch \u0159e\u0161en\u00ed:&nbsp;<\/p>\n\n\n\n<p>a)&nbsp; V\u0161e z\u016fstane beze zm\u011bn.<\/p>\n\n\n\n<p>b) V&nbsp;nutn\u00fdch p\u0159\u00edpadech nap\u0159. resuscitace, \u2026- si sestra m\u016f\u017ee do pozn\u00e1mek vyk\u00e1zat \u010das, kter\u00fd str\u00e1v\u00ed v&nbsp;pr\u00e1ci nav\u00edc jako p\u0159es\u010das.<\/p>\n\n\n\n<p>c) Zam\u011bstnavatel nav\u00fd\u0161\u00ed \u010das p\u0159est\u00e1vky v&nbsp;pr\u00e1ci o 5 min na 35 min, a tak doc\u00edl\u00ed toho, aby se sm\u011bny p\u0159ekr\u00fdvaly.<\/p>\n\n\n\n<p>Po d\u016fkladn\u00e9m zamy\u0161len\u00ed jsme vybrali za b). Do t\u00e9to doby si sestry nemohly vykazovat \u017e\u00e1dn\u00e9 p\u0159es\u010dasy z&nbsp;t\u011bchto d\u016fvod\u016f. Pokud po pracovn\u00ed dob\u011b musely z\u016fstat a nap\u0159. resuscitovat nebo vypisovat&nbsp;&nbsp;&nbsp;&nbsp;&nbsp;&nbsp;&nbsp;&nbsp;&nbsp;&nbsp;&nbsp;&nbsp;&nbsp; tzv\u201c Mimo\u0159\u00e1dn\u00e9 ud\u00e1losti\u201c d\u011blaly to ji\u017e ve sv\u00e9m voln\u00e9m \u010dase bez n\u00e1roku na odm\u011bnu. Mnohdy z\u016fst\u00e1valy i 30\u201340 min.<\/p>\n\n\n\n<p style=\"text-decoration:underline\">Stanovisko zam\u011bstnavatele:<\/p>\n\n\n\n<p><em>Slu\u017eby jsou p\u0159ed\u00e1v\u00e1ny obecn\u011b p\u00edsemn\u011b \u2013 R\u00da pou\u017e\u00edv\u00e1 syst\u00e9m HINZ, kde je jasn\u00e1 dokumentace k\u00a0p\u0159ed\u00e1v\u00e1n\u00ed informac\u00ed ohledn\u011b stavu pacient\u016f s\u00a0barevn\u00fdm zna\u010den\u00edm s\u00a0tzv. barevn\u00fdch jezdc\u016f. Ve v\u011bt\u0161in\u011b p\u0159\u00edpad\u016f vzhledem k\u00a0charakteru na\u0161eho za\u0159\u00edzen\u00ed \u2013 n\u00e1sledn\u00e9 l\u016f\u017ekov\u00e9 p\u00e9\u010de \u2013 nen\u00ed d\u016fvod k\u00a0\u00fastn\u00edmu p\u0159ed\u00e1v\u00e1n\u00ed slu\u017eby nad r\u00e1mec pracovn\u00ed doby. Pokud nastane v\u00fdjime\u010dn\u00e1 situace, kter\u00e1 si vy\u017e\u00e1d\u00e1 i \u00fastn\u00ed p\u0159ed\u00e1n\u00ed, vyk\u00e1\u017ee p\u0159esn\u00fd \u010das konce pracovn\u00ed doby z\u00a0d\u016fvodu \u00fastn\u00edho p\u0159ed\u00e1n\u00ed p\u0159ich\u00e1zej\u00edc\u00ed sm\u011bn\u011b na v\u00fdkazu pr\u00e1ce (v\u00a0tzv. pozn\u00e1mce). Schvaluje p\u0159\u00edslu\u0161n\u00e1 stani\u010dn\u00ed sestra, p\u0159\u00edpadn\u011b slou\u017e\u00edc\u00ed l\u00e9ka\u0159. (viz Z\u00e1pis z\u00a0jedn\u00e1n\u00ed se 26.4.2023).<\/em><\/p>\n\n\n\n<p><\/p>\n\n\n\n<p><strong>D\u00e1le jsme p\u0159ednesli zam\u011bstnavateli dva dotazy od zam\u011bstnanc\u016f<\/strong>:<\/p>\n\n\n\n<ol class=\"wp-block-list\" type=\"1\">\n<li><strong>Uzamyk\u00e1n\u00ed kol zam\u011bstnanc\u016f.<\/strong><\/li>\n<\/ol>\n\n\n\n<p>Ned\u00e1vno se na n\u00e1s obr\u00e1tili n\u011bkte\u0159\u00ed zam\u011bstnanci s&nbsp;prosbou, zda bychom mohli zam\u011bstnavatele po\u017e\u00e1dat o vy\u0159e\u0161en\u00ed probl\u00e9mu s&nbsp;odkl\u00e1d\u00e1n\u00edm kol. M\u011bli by z\u00e1jem o chr\u00e1n\u011bn\u00e9 st\u00e1n\u00ed pro kola (klece nebo kol\u00e1rna). Tuto prosbu jsme p\u0159ednesli a byli jsme uji\u0161t\u011bni, \u017ee se zam\u011bstnavatel nad celou z\u00e1le\u017eitost\u00ed zamysl\u00ed.<\/p>\n\n\n\n<p>2. <strong>Mo\u017enost \u010derp\u00e1n\u00ed dotovan\u00e9 stravy<\/strong>.<\/p>\n\n\n\n<p>Zam\u011bstnanci n\u00e1m kladli dotazy, kter\u00e9 j\u00eddlo mohou \u010derpat jako dotovan\u00e9 p\u0159i odpoledn\u00ed sm\u011bn\u011b.<\/p>\n\n\n\n<p>Zeptali jsme se proto zam\u011bstnavatele. Pan\u00ed \u0159editelka n\u00e1m vysv\u011btlila, \u017ee odpoledn\u00ed slu\u017eby u n\u00e1s nikdo nem\u00e1. Zam\u011bstnanci zde pracuj\u00ed v&nbsp;jednosm\u011bnn\u00e9m provozu s&nbsp;nepravidelnou pracovn\u00ed dobou (sanit\u00e1\u0159ky, sanit\u00e1\u0159i, zam\u011bstnanci kuchyn\u011b). Po tomto vysv\u011btlen\u00ed jsme se dot\u00e1zali, zda mohou tito zam\u011bstnanci jako dotovan\u00e9 j\u00eddlo \u010derpat ob\u011bd? Odpov\u011b\u010f pan\u00ed \u0159editelky byla \u2013 \u201eano, za podm\u00ednek dan\u00fdch vnit\u0159n\u00edm p\u0159edpisem\u201c.<\/p>\n\n\n\n<p>&nbsp;D\u011bkujeme.<\/p>\n\n\n\n<p style=\"text-decoration:underline\">Stanovisko zam\u011bstnavatele:<\/p>\n\n\n\n<p><em>Od<strong> 1.5.2023 <\/strong>zam\u011bstnanci pracuj\u00edc\u00ed v\u00a0jednosm\u011bnn\u00e9m provozu s\u00a0nepravidelnou pracovn\u00ed dobou v\u00a0R\u00da mohou \u010derpat dotovanou stravu ve dni sm\u011bny dle v\u00fdb\u011bru \u2013 bu\u010f ob\u011bd nebo ve\u010de\u0159e. Jedn\u00e1 se v\u017edy o jedno j\u00eddlo denn\u011b \u2013 p\u0159i pracovn\u00edm v\u00fdkonu, p\u0159i spln\u011bn\u00ed podm\u00ednek odpracov\u00e1n\u00ed nejm\u00e9n\u011b 3 hod v\u00a0dan\u00fd den a podm\u00ednek vnit\u0159n\u00edho p\u0159edpisu R\u00da. (viz Z\u00e1pis z\u00a0jedn\u00e1n\u00ed 26.4.2023)<\/em><\/p>\n\n\n\n<p><\/p>\n\n\n\n<p><strong>Zdravotnick\u00e9 odbory zaslaly zam\u011bstnavateli tak\u00e9 jeden podn\u011bt k&nbsp;jedn\u00e1n\u00ed:<\/strong><\/p>\n\n\n\n<p>Poskytnut\u00ed jednoho dne placen\u00e9ho volna pro rodi\u010de prv\u0148\u00e1\u010dk\u016f v&nbsp;prvn\u00ed \u0161koln\u00ed den. Bohu\u017eel n\u00e1s s&nbsp;t\u00edmto bodem podrobn\u011b nesezn\u00e1mily a neposlaly n\u00e1m \u017e\u00e1dn\u00e9 informace o sv\u00e9m po\u017eadavku. Naopak n\u00e1m v&nbsp;emailu sd\u011blily, \u017ee \u017e\u00e1dn\u00fd podn\u011bt k&nbsp;jedn\u00e1n\u00ed nepos\u00edlaly. To pova\u017eujeme za velkou \u0161kodu, proto\u017ee v&nbsp;tomto bodu se jedn\u00e1 o kolektivn\u00ed vyjedn\u00e1v\u00e1n\u00ed a tam mus\u00ed odborov\u00e9 organizace vystupovat ve shod\u011b.<\/p>\n\n\n\n<p>P\u0159esto se n\u00e1m tento bod jev\u00ed jako dobr\u00fd benefit pro zam\u011bstnance a p\u0159i podzimn\u00edm kolektivn\u00edm vyjedn\u00e1v\u00e1n\u00ed ho podpo\u0159\u00edme, pokud ho zdravotnick\u00e9 odbory je\u0161t\u011b budou cht\u00edt do vyjedn\u00e1v\u00e1n\u00ed za\u0159adit.<\/p>\n\n\n\n<p style=\"text-decoration:underline\">Stanovisko zam\u011bstnavatele:<\/p>\n\n\n\n<p><em>N\u00e1vrh do p\u0159\u00ed\u0161t\u00edho vyjedn\u00e1v\u00e1n\u00ed kolektivn\u00ed smlouvy: jeden den neplacen\u00e9ho volna pro rodi\u010de d\u011bt\u00ed nastupuj\u00edc\u00edch do 1. t\u0159\u00edd na prvn\u00ed \u0161koln\u00ed den. (viz Z\u00e1pis z\u00a0jedn\u00e1n\u00ed 26.4.2023).<\/em><\/p>\n\n\n\n<p><\/p>\n\n\n\n<p>D\u011bkujeme v\u0161em z\u00fa\u010dastn\u011bn\u00fdm za klidn\u00e9, konstruktivn\u00ed jedn\u00e1n\u00ed. D\u011bkujeme tak\u00e9 v\u0161em zam\u011bstnanc\u016fm, kte\u0159\u00ed n\u00e1m dali d\u016fv\u011bru a klidn\u011b vy\u010dk\u00e1vali v\u00fdsledku jedn\u00e1n\u00ed. Va\u0161\u00ed podpory a d\u016fv\u011bry.si velice v\u00e1\u017e\u00edme.<\/p>\n\n\n\n<p>A.<\/p>\n","protected":false},"excerpt":{"rendered":"<p>Na za\u010d\u00e1tku jedn\u00e1n\u00ed n\u00e1s pan\u00ed \u0159editelka kr\u00e1tce sezn\u00e1mila s\u00a0v\u00fdsledky hospoda\u0159en\u00ed za posledn\u00ed m\u011bs\u00edce. Zm\u00ednila se tak\u00e9 o pl\u00e1novan\u00fdch odm\u011bn\u00e1ch pro zam\u011bstnance. V\u0161ichni zam\u011bstnanci by m\u011bli dostat odm\u011bny ve v\u00fdplat\u011b za \u010derven nebo \u010dervenec. Se zam\u011bstnavatelem jsme projednali v\u0161echny body, o jejich\u017e \u0159e\u0161en\u00ed jsme p\u0159edem po\u017e\u00e1dali a p\u0159ednesli jsme dal\u0161\u00ed dva dotazy zam\u011bstnanc\u016f. Podle \u00a7 217&hellip;&nbsp;<a href=\"https:\/\/solot.cz\/index.php\/2023\/05\/06\/vysledky-jednani-se-zamestnavatelem-26-4-2023\/\" rel=\"bookmark\">\u010c\u00edst d\u00e1le &raquo;<span class=\"screen-reader-text\">V\u00fdsledky jedn\u00e1n\u00ed se zam\u011bstnavatelem   26.4.2023<\/span><\/a><\/p>\n","protected":false},"author":4,"featured_media":0,"comment_status":"open","ping_status":"open","sticky":false,"template":"","format":"standard","meta":{"neve_meta_sidebar":"","neve_meta_container":"","neve_meta_enable_content_width":"","neve_meta_content_width":0,"neve_meta_title_alignment":"left","neve_meta_author_avatar":"","neve_post_elements_order":"[\"title\",\"meta\",\"thumbnail\",\"content\",\"tags\",\"comments\"]","neve_meta_disable_header":"","neve_meta_disable_footer":"","neve_meta_disable_title":"","_themeisle_gutenberg_block_has_review":false,"footnotes":""},"categories":[7],"tags":[],"class_list":["post-308","post","type-post","status-publish","format-standard","hentry","category-jednani"],"_links":{"self":[{"href":"https:\/\/solot.cz\/index.php\/wp-json\/wp\/v2\/posts\/308","targetHints":{"allow":["GET"]}}],"collection":[{"href":"https:\/\/solot.cz\/index.php\/wp-json\/wp\/v2\/posts"}],"about":[{"href":"https:\/\/solot.cz\/index.php\/wp-json\/wp\/v2\/types\/post"}],"author":[{"embeddable":true,"href":"https:\/\/solot.cz\/index.php\/wp-json\/wp\/v2\/users\/4"}],"replies":[{"embeddable":true,"href":"https:\/\/solot.cz\/index.php\/wp-json\/wp\/v2\/comments?post=308"}],"version-history":[{"count":2,"href":"https:\/\/solot.cz\/index.php\/wp-json\/wp\/v2\/posts\/308\/revisions"}],"predecessor-version":[{"id":311,"href":"https:\/\/solot.cz\/index.php\/wp-json\/wp\/v2\/posts\/308\/revisions\/311"}],"wp:attachment":[{"href":"https:\/\/solot.cz\/index.php\/wp-json\/wp\/v2\/media?parent=308"}],"wp:term":[{"taxonomy":"category","embeddable":true,"href":"https:\/\/solot.cz\/index.php\/wp-json\/wp\/v2\/categories?post=308"},{"taxonomy":"post_tag","embeddable":true,"href":"https:\/\/solot.cz\/index.php\/wp-json\/wp\/v2\/tags?post=308"}],"curies":[{"name":"wp","href":"https:\/\/api.w.org\/{rel}","templated":true}]}}